{"id":6263,"date":"2025-10-15T15:45:04","date_gmt":"2025-10-15T15:45:04","guid":{"rendered":"https:\/\/granmotori.com\/granmotori-il-nuovo-festival-dei-motori-nella-cornice-della-tenuta-di-fiorano\/"},"modified":"2025-10-15T15:52:07","modified_gmt":"2025-10-15T15:52:07","slug":"granmotori-il-nuovo-festival-dei-motori-nella-cornice-della-tenuta-di-fiorano","status":"publish","type":"post","link":"https:\/\/granmotori.com\/en\/granmotori-il-nuovo-festival-dei-motori-nella-cornice-della-tenuta-di-fiorano\/","title":{"rendered":"GranMotori: il nuovo festival dei motori nella cornice della Tenuta di Fiorano"},"content":{"rendered":"\t\t<div data-elementor-type=\"wp-post\" data-elementor-id=\"6263\" class=\"elementor elementor-6263 elementor-6248\">\n\t\t\t\t<div class=\"elementor-element elementor-element-75f78c7 e-flex e-con-boxed parallax_section_no qode_elementor_container_no e-con e-parent\" data-id=\"75f78c7\" data-element_type=\"container\" data-e-type=\"container\">\n\t\t\t\t\t<div class=\"e-con-inner\">\n\t\t\t\t<div class=\"elementor-element elementor-element-772cafc elementor-widget elementor-widget-text-editor\" data-id=\"772cafc\" data-element_type=\"widget\" data-e-type=\"widget\" data-widget_type=\"text-editor.default\">\n\t\t\t\t<div class=\"elementor-widget-container\">\n\t\t\t\t\t\t\t\t\tNella splendida cornice della Tenuta di Fiorano, luogo iconico che unisce passione, storia e natura, \u00e8 stato presentato GranMotori, il nuovo festival dedicato al mondo dell\u2019automotive che si terr\u00e0 dal 15 al 18 ottobre 2026 \t\t\t\t\t\t\t\t<\/div>\n\t\t\t\t<\/div>\n\t\t\t\t\t<\/div>\n\t\t\t\t<\/div>\n\t\t<div class=\"elementor-element elementor-element-6a50c67 e-flex e-con-boxed parallax_section_no qode_elementor_container_no e-con e-parent\" data-id=\"6a50c67\" data-element_type=\"container\" data-e-type=\"container\">\n\t\t\t\t\t<div class=\"e-con-inner\">\n\t\t\t\t<div class=\"elementor-element elementor-element-10ed918 elementor-widget elementor-widget-text-editor\" data-id=\"10ed918\" data-element_type=\"widget\" data-e-type=\"widget\" data-widget_type=\"text-editor.default\">\n\t\t\t\t<div class=\"elementor-widget-container\">\n\t\t\t\t\t\t\t\t\t<p>Nella splendida cornice della<strong>\u00a0Tenuta di Fiorano<\/strong>, luogo iconico che unisce passione, storia e natura, \u00e8 stato presentato\u00a0<strong>GranMotori<\/strong>, il nuovo festival dedicato al mondo dell\u2019automotive che si terr\u00e0 dal 15 al 18 ottobre 2026.<\/p><p>Pi\u00f9 che una semplice esposizione,\u00a0<strong>GranMotori<\/strong>\u00a0si propone come un\u2019esperienza immersiva in cui auto d\u2019epoca,\u00a0<a href=\"https:\/\/www.ilgiornale.it\/news\/automotive\/ferrari-elettrica-rombo-scossa-2549491.html\" data-datalayer-click-event-target=\"internal\"><strong>supercar<\/strong><\/a>\u00a0e design dialogano in armonia con l\u2019eccellenza del Made in Italy.<\/p><p>Come ha sottolineato\u00a0<strong>Silvia Dorigo, CEO di Be.it<\/strong>, \u201cQ<em>uando si menziona la citt\u00e0 eterna si illuminano gli occhi degli appassionati di motori. Roma ci ha dato tanto: negli ultimi tre anni abbiamo realizzato progetti come le installazioni luminose all\u2019Orto Botanico e la mostra di Dolce &amp; Gabbana. Per un concept come\u00a0<strong>GranMotori<\/strong>, Roma \u00e8 la location perfetta: ci permette di creare eventi di respiro internazionale, in un contesto che fonde storia e innovazione<\/em>\u201d.<\/p><p>Il fratello\u00a0<strong>Mauro Dorigo, COO di Be.it\u00a0<\/strong>e mente organizzativa del progetto, ha aggiunto: \u201c<em>GranMotori, prima di essere un progetto, \u00e8 un sogno diventato realt\u00e0. Abbiamo voluto trasformare la passione per i motori in un festival di quattro giorni che unisce collezionisti, designer e dreamers, ovvero coloro che vogliono vivere, toccare e guidare un\u2019auto da sogno<\/em>\u201d.<\/p>\t\t\t\t\t\t\t\t<\/div>\n\t\t\t\t<\/div>\n\t\t\t\t\t<\/div>\n\t\t\t\t<\/div>\n\t\t<div class=\"elementor-element elementor-element-3fa84bb e-flex e-con-boxed parallax_section_no qode_elementor_container_no e-con e-parent\" data-id=\"3fa84bb\" data-element_type=\"container\" data-e-type=\"container\">\n\t\t\t\t\t<div class=\"e-con-inner\">\n\t\t\t\t<div class=\"elementor-element elementor-element-f183f24 elementor-widget elementor-widget-image\" data-id=\"f183f24\" data-element_type=\"widget\" data-e-type=\"widget\" data-widget_type=\"image.default\">\n\t\t\t\t<div class=\"elementor-widget-container\">\n\t\t\t\t\t\t\t\t\t\t\t\t\t\t\t<img fetchpriority=\"high\" decoding=\"async\" width=\"1024\" height=\"768\" src=\"https:\/\/granmotori.com\/wp-content\/uploads\/2025\/10\/1760538320-granmotori-003-1024x768.jpg\" class=\"attachment-large size-large wp-image-6259\" alt=\"\" srcset=\"https:\/\/granmotori.com\/wp-content\/uploads\/2025\/10\/1760538320-granmotori-003-1024x768.jpg 1024w, https:\/\/granmotori.com\/wp-content\/uploads\/2025\/10\/1760538320-granmotori-003-300x225.jpg 300w, https:\/\/granmotori.com\/wp-content\/uploads\/2025\/10\/1760538320-granmotori-003-768x576.jpg 768w, https:\/\/granmotori.com\/wp-content\/uploads\/2025\/10\/1760538320-granmotori-003-800x600.jpg 800w, https:\/\/granmotori.com\/wp-content\/uploads\/2025\/10\/1760538320-granmotori-003-700x525.jpg 700w, https:\/\/granmotori.com\/wp-content\/uploads\/2025\/10\/1760538320-granmotori-003.jpg 1200w\" sizes=\"(max-width: 1024px) 100vw, 1024px\" \/>\t\t\t\t\t\t\t\t\t\t\t\t\t\t\t<\/div>\n\t\t\t\t<\/div>\n\t\t\t\t\t<\/div>\n\t\t\t\t<\/div>\n\t\t<div class=\"elementor-element elementor-element-3500b48 e-flex e-con-boxed parallax_section_no qode_elementor_container_no e-con e-parent\" data-id=\"3500b48\" data-element_type=\"container\" data-e-type=\"container\">\n\t\t\t\t\t<div class=\"e-con-inner\">\n\t\t\t\t<div class=\"elementor-element elementor-element-c565dc8 elementor-widget elementor-widget-text-editor\" data-id=\"c565dc8\" data-element_type=\"widget\" data-e-type=\"widget\" data-widget_type=\"text-editor.default\">\n\t\t\t\t<div class=\"elementor-widget-container\">\n\t\t\t\t\t\t\t\t\t<p>L\u2019evento, in programma dal 15 al 18 ottobre 2026, si articoler\u00e0 in quattro macroaree: spazi espositivi per veicoli storici e moderni, zone dinamiche per prove e dimostrazioni, aree hospitality e food lounge, oltre a una VIP Lounge dedicata agli ospiti e ai partner. Un progetto a lungo termine reso possibile grazie alla collaborazione con gli amici della Tenuta di Fiorano, che ha creduto nell\u2019idea fin dall\u2019inizio.<\/p><h3 id=\"toc_2552910_2\">Heritage, formazione e nuove emozioni<\/h3><p>Tra i protagonisti del progetto c\u2019\u00e8\u00a0<strong>Corrado Lopresto, collezionista e curatore delegato di GranMotori<\/strong>, che ha ricordato come il Master in Auto Storiche da lui ideato nasca \u201cd<em>alla necessit\u00e0 di formare nuove figure professionali nel restauro, perch\u00e9 oggi questo mondo \u00e8 sempre pi\u00f9 legato alla finanza e alle grandi realt\u00e0 industriali. Con GranMotori vogliamo riportare al centro la manualit\u00e0, la passione e la conoscenza artigiana<\/em>\u201d.<\/p><p>Anche\u00a0<strong>Alberto Scuro, presidente dell\u2019Automotoclub Storico Italiano (ASI)<\/strong>, ha sottolineato l\u2019importanza di creare occasioni di incontro tra generazioni e territori: \u201c<em>Il mototurismo \u00e8 una chiave straordinaria per riscoprire luoghi unici. Eventi come questo sono preziosi per tramandare la cultura del movimento e della scoperta<\/em>\u201d.<\/p>\t\t\t\t\t\t\t\t<\/div>\n\t\t\t\t<\/div>\n\t\t\t\t\t<\/div>\n\t\t\t\t<\/div>\n\t\t<div class=\"elementor-element elementor-element-7e44846 e-flex e-con-boxed parallax_section_no qode_elementor_container_no e-con e-parent\" data-id=\"7e44846\" data-element_type=\"container\" data-e-type=\"container\">\n\t\t\t\t\t<div class=\"e-con-inner\">\n\t\t\t\t<div class=\"elementor-element elementor-element-b5dd0dc elementor-widget elementor-widget-image\" data-id=\"b5dd0dc\" data-element_type=\"widget\" data-e-type=\"widget\" data-widget_type=\"image.default\">\n\t\t\t\t<div class=\"elementor-widget-container\">\n\t\t\t\t\t\t\t\t\t\t\t\t\t\t\t<img decoding=\"async\" width=\"1024\" height=\"768\" src=\"https:\/\/granmotori.com\/wp-content\/uploads\/2025\/10\/1760538346-granmotori-004-1024x768.jpg\" class=\"attachment-large size-large wp-image-6260\" alt=\"\" srcset=\"https:\/\/granmotori.com\/wp-content\/uploads\/2025\/10\/1760538346-granmotori-004-1024x768.jpg 1024w, https:\/\/granmotori.com\/wp-content\/uploads\/2025\/10\/1760538346-granmotori-004-300x225.jpg 300w, https:\/\/granmotori.com\/wp-content\/uploads\/2025\/10\/1760538346-granmotori-004-768x576.jpg 768w, https:\/\/granmotori.com\/wp-content\/uploads\/2025\/10\/1760538346-granmotori-004-800x600.jpg 800w, https:\/\/granmotori.com\/wp-content\/uploads\/2025\/10\/1760538346-granmotori-004-700x525.jpg 700w, https:\/\/granmotori.com\/wp-content\/uploads\/2025\/10\/1760538346-granmotori-004.jpg 1200w\" sizes=\"(max-width: 1024px) 100vw, 1024px\" \/>\t\t\t\t\t\t\t\t\t\t\t\t\t\t\t<\/div>\n\t\t\t\t<\/div>\n\t\t\t\t\t<\/div>\n\t\t\t\t<\/div>\n\t\t<div class=\"elementor-element elementor-element-04a67b9 e-flex e-con-boxed parallax_section_no qode_elementor_container_no e-con e-parent\" data-id=\"04a67b9\" data-element_type=\"container\" data-e-type=\"container\">\n\t\t\t\t\t<div class=\"e-con-inner\">\n\t\t\t\t<div class=\"elementor-element elementor-element-d389935 elementor-widget elementor-widget-text-editor\" data-id=\"d389935\" data-element_type=\"widget\" data-e-type=\"widget\" data-widget_type=\"text-editor.default\">\n\t\t\t\t<div class=\"elementor-widget-container\">\n\t\t\t\t\t\t\t\t\t<h3 id=\"toc_2552910_3\">Il circuito dinamico e l\u2019Action Arena<\/h3><p>Cuore pulsante di GranMotori sar\u00e0 il circuito dinamico, progettato nel pieno rispetto dell\u2019ambiente e della sostenibilit\u00e0, dove si alterneranno sfide, dimostrazioni e prove speciali.<\/p><p>Come ha anticipato\u00a0<strong>Antonio Turitto, delegato ACI Motorsport<\/strong>, \u201c<em>vogliamo creare emozioni autentiche, anche attraverso prove non convenzionali: per esempio, potremmo premiare chi impiega il tempo pi\u00f9 alto su un percorso, giocando sull\u2019ironia e sulla creativit\u00e0<\/em>\u201d.<\/p><p>Non mancher\u00e0 la\u00a0<strong>Action Arena<\/strong>, dedicata agli acrobati di tutte le discipline motoristiche, e il Crono Cube, uno spazio espositivo che ogni anno sveler\u00e0 un oggetto simbolico, celebrando la continua evoluzione del mondo dei motori.<\/p><h3 id=\"toc_2552910_4\">Motori e Dolce Vita<\/h3><p><strong>GranMotori<\/strong>\u00a0non \u00e8 solo velocit\u00e0, ma anche stile, moda e bellezza italiana.<\/p><p>L\u2019evento vuole essere un omaggio alla Dolce Vita e al gusto tutto tricolore per l\u2019eccellenza, combinando fashion design, alta moda e tecnologia.<\/p><p>Accanto a\u00a0<strong>supercar<\/strong>\u00a0e auto d\u2019epoca, ci saranno simulatori, aree eSport e momenti di intrattenimento che renderanno unica l\u2019esperienza per il pubblico di ogni et\u00e0.<\/p>\t\t\t\t\t\t\t\t<\/div>\n\t\t\t\t<\/div>\n\t\t\t\t\t<\/div>\n\t\t\t\t<\/div>\n\t\t<div class=\"elementor-element elementor-element-f5a484f e-flex e-con-boxed parallax_section_no qode_elementor_container_no e-con e-parent\" data-id=\"f5a484f\" data-element_type=\"container\" data-e-type=\"container\">\n\t\t\t\t\t<div class=\"e-con-inner\">\n\t\t\t\t<div class=\"elementor-element elementor-element-51a65a0 elementor-widget elementor-widget-text-editor\" data-id=\"51a65a0\" data-element_type=\"widget\" data-e-type=\"widget\" data-widget_type=\"text-editor.default\">\n\t\t\t\t<div class=\"elementor-widget-container\">\n\t\t\t\t\t\t\t\t\t<p>fonte:<a href=\"https:\/\/www.ilgiornale.it\/news\/automotive\/granmotori-nuovo-festival-dei-motori-nella-cornice-tenuta-2552910.html\" target=\"_blank\" rel=\"noopener\"> https:\/\/www.ilgiornale.it\/news\/automotive\/granmotori-nuovo-festival-dei-motori-nella-cornice-tenuta-2552910.html<\/a><\/p>\t\t\t\t\t\t\t\t<\/div>\n\t\t\t\t<\/div>\n\t\t\t\t\t<\/div>\n\t\t\t\t<\/div>\n\t\t\t\t<\/div>\n\t\t","protected":false},"excerpt":{"rendered":"<p>Nella splendida cornice della Tenuta di Fiorano, luogo iconico che unisce passione, storia e natura, \u00e8 stato presentato GranMotori, il nuovo festival dedicato al mondo dell\u2019automotive che si terr\u00e0 dal 15 al 18 ottobre 2026 Nella splendida cornice della\u00a0Tenuta di Fiorano, luogo iconico che unisce&#8230;<\/p>\n","protected":false},"author":1,"featured_media":6261,"comment_status":"closed","ping_status":"closed","sticky":false,"template":"","format":"standard","meta":{"footnotes":""},"categories":[43],"tags":[44],"class_list":["post-6263","post","type-post","status-publish","format-standard","has-post-thumbnail","hentry","category-press","tag-ilgiornale"],"yoast_head":"<!-- This site is optimized with the Yoast SEO plugin v27.5 - https:\/\/yoast.com\/product\/yoast-seo-wordpress\/ -->\n<title>GranMotori: il nuovo festival dei motori nella cornice della Tenuta di Fiorano - GRANMOTORI International Motoring Festival for Drivers and Dreamers Roma<\/title>\n<meta name=\"robots\" content=\"index, follow, max-snippet:-1, max-image-preview:large, max-video-preview:-1\" \/>\n<link rel=\"canonical\" href=\"https:\/\/granmotori.com\/en\/granmotori-il-nuovo-festival-dei-motori-nella-cornice-della-tenuta-di-fiorano\/\" \/>\n<meta property=\"og:locale\" content=\"en_US\" \/>\n<meta property=\"og:type\" content=\"article\" \/>\n<meta property=\"og:title\" content=\"GranMotori: il nuovo festival dei motori nella cornice della Tenuta di Fiorano - GRANMOTORI International Motoring Festival for Drivers and Dreamers Roma\" \/>\n<meta property=\"og:description\" content=\"Nella splendida cornice della Tenuta di Fiorano, luogo iconico che unisce passione, storia e natura, \u00e8 stato presentato GranMotori, il nuovo festival dedicato al mondo dell\u2019automotive che si terr\u00e0 dal 15 al 18 ottobre 2026 Nella splendida cornice della\u00a0Tenuta di Fiorano, luogo iconico che unisce...\" \/>\n<meta property=\"og:url\" content=\"https:\/\/granmotori.com\/en\/granmotori-il-nuovo-festival-dei-motori-nella-cornice-della-tenuta-di-fiorano\/\" \/>\n<meta property=\"og:site_name\" content=\"GRANMOTORI International Motoring Festival for Drivers and Dreamers Roma\" \/>\n<meta property=\"article:published_time\" content=\"2025-10-15T15:45:04+00:00\" \/>\n<meta property=\"article:modified_time\" content=\"2025-10-15T15:52:07+00:00\" \/>\n<meta property=\"og:image\" content=\"https:\/\/granmotori.com\/wp-content\/uploads\/2025\/10\/1760538255-granmotori-001.webp\" \/>\n\t<meta property=\"og:image:width\" content=\"800\" \/>\n\t<meta property=\"og:image:height\" content=\"600\" \/>\n\t<meta property=\"og:image:type\" content=\"image\/webp\" \/>\n<meta name=\"author\" content=\"admin\" \/>\n<meta name=\"twitter:card\" content=\"summary_large_image\" \/>\n<meta name=\"twitter:label1\" content=\"Written by\" \/>\n\t<meta name=\"twitter:data1\" content=\"admin\" \/>\n\t<meta name=\"twitter:label2\" content=\"Est. reading time\" \/>\n\t<meta name=\"twitter:data2\" content=\"4 minutes\" \/>\n<script type=\"application\/ld+json\" class=\"yoast-schema-graph\">{\"@context\":\"https:\\\/\\\/schema.org\",\"@graph\":[{\"@type\":\"Article\",\"@id\":\"https:\\\/\\\/granmotori.com\\\/en\\\/granmotori-il-nuovo-festival-dei-motori-nella-cornice-della-tenuta-di-fiorano\\\/#article\",\"isPartOf\":{\"@id\":\"https:\\\/\\\/granmotori.com\\\/en\\\/granmotori-il-nuovo-festival-dei-motori-nella-cornice-della-tenuta-di-fiorano\\\/\"},\"author\":{\"name\":\"admin\",\"@id\":\"https:\\\/\\\/granmotori.com\\\/en\\\/#\\\/schema\\\/person\\\/39ea7bf64421bb37a3a4dd2014a95a0a\"},\"headline\":\"GranMotori: il nuovo festival dei motori nella cornice della Tenuta di Fiorano\",\"datePublished\":\"2025-10-15T15:45:04+00:00\",\"dateModified\":\"2025-10-15T15:52:07+00:00\",\"mainEntityOfPage\":{\"@id\":\"https:\\\/\\\/granmotori.com\\\/en\\\/granmotori-il-nuovo-festival-dei-motori-nella-cornice-della-tenuta-di-fiorano\\\/\"},\"wordCount\":595,\"image\":{\"@id\":\"https:\\\/\\\/granmotori.com\\\/en\\\/granmotori-il-nuovo-festival-dei-motori-nella-cornice-della-tenuta-di-fiorano\\\/#primaryimage\"},\"thumbnailUrl\":\"https:\\\/\\\/granmotori.com\\\/wp-content\\\/uploads\\\/2025\\\/10\\\/1760538255-granmotori-001.webp\",\"keywords\":[\"ilgiornale\"],\"articleSection\":[\"Press\"],\"inLanguage\":\"en-US\"},{\"@type\":\"WebPage\",\"@id\":\"https:\\\/\\\/granmotori.com\\\/en\\\/granmotori-il-nuovo-festival-dei-motori-nella-cornice-della-tenuta-di-fiorano\\\/\",\"url\":\"https:\\\/\\\/granmotori.com\\\/en\\\/granmotori-il-nuovo-festival-dei-motori-nella-cornice-della-tenuta-di-fiorano\\\/\",\"name\":\"GranMotori: il nuovo festival dei motori nella cornice della Tenuta di Fiorano - GRANMOTORI International Motoring Festival for Drivers and Dreamers Roma\",\"isPartOf\":{\"@id\":\"https:\\\/\\\/granmotori.com\\\/en\\\/#website\"},\"primaryImageOfPage\":{\"@id\":\"https:\\\/\\\/granmotori.com\\\/en\\\/granmotori-il-nuovo-festival-dei-motori-nella-cornice-della-tenuta-di-fiorano\\\/#primaryimage\"},\"image\":{\"@id\":\"https:\\\/\\\/granmotori.com\\\/en\\\/granmotori-il-nuovo-festival-dei-motori-nella-cornice-della-tenuta-di-fiorano\\\/#primaryimage\"},\"thumbnailUrl\":\"https:\\\/\\\/granmotori.com\\\/wp-content\\\/uploads\\\/2025\\\/10\\\/1760538255-granmotori-001.webp\",\"datePublished\":\"2025-10-15T15:45:04+00:00\",\"dateModified\":\"2025-10-15T15:52:07+00:00\",\"author\":{\"@id\":\"https:\\\/\\\/granmotori.com\\\/en\\\/#\\\/schema\\\/person\\\/39ea7bf64421bb37a3a4dd2014a95a0a\"},\"breadcrumb\":{\"@id\":\"https:\\\/\\\/granmotori.com\\\/en\\\/granmotori-il-nuovo-festival-dei-motori-nella-cornice-della-tenuta-di-fiorano\\\/#breadcrumb\"},\"inLanguage\":\"en-US\",\"potentialAction\":[{\"@type\":\"ReadAction\",\"target\":[\"https:\\\/\\\/granmotori.com\\\/en\\\/granmotori-il-nuovo-festival-dei-motori-nella-cornice-della-tenuta-di-fiorano\\\/\"]}]},{\"@type\":\"ImageObject\",\"inLanguage\":\"en-US\",\"@id\":\"https:\\\/\\\/granmotori.com\\\/en\\\/granmotori-il-nuovo-festival-dei-motori-nella-cornice-della-tenuta-di-fiorano\\\/#primaryimage\",\"url\":\"https:\\\/\\\/granmotori.com\\\/wp-content\\\/uploads\\\/2025\\\/10\\\/1760538255-granmotori-001.webp\",\"contentUrl\":\"https:\\\/\\\/granmotori.com\\\/wp-content\\\/uploads\\\/2025\\\/10\\\/1760538255-granmotori-001.webp\",\"width\":800,\"height\":600},{\"@type\":\"BreadcrumbList\",\"@id\":\"https:\\\/\\\/granmotori.com\\\/en\\\/granmotori-il-nuovo-festival-dei-motori-nella-cornice-della-tenuta-di-fiorano\\\/#breadcrumb\",\"itemListElement\":[{\"@type\":\"ListItem\",\"position\":1,\"name\":\"Home\",\"item\":\"https:\\\/\\\/granmotori.com\\\/en\\\/\"},{\"@type\":\"ListItem\",\"position\":2,\"name\":\"GranMotori: il nuovo festival dei motori nella cornice della Tenuta di Fiorano\"}]},{\"@type\":\"WebSite\",\"@id\":\"https:\\\/\\\/granmotori.com\\\/en\\\/#website\",\"url\":\"https:\\\/\\\/granmotori.com\\\/en\\\/\",\"name\":\"GRANMOTORI International Motoring Festival for Drivers and Dreamers Roma\",\"description\":\"Credits PrincipeMorici\",\"potentialAction\":[{\"@type\":\"SearchAction\",\"target\":{\"@type\":\"EntryPoint\",\"urlTemplate\":\"https:\\\/\\\/granmotori.com\\\/en\\\/?s={search_term_string}\"},\"query-input\":{\"@type\":\"PropertyValueSpecification\",\"valueRequired\":true,\"valueName\":\"search_term_string\"}}],\"inLanguage\":\"en-US\"},{\"@type\":\"Person\",\"@id\":\"https:\\\/\\\/granmotori.com\\\/en\\\/#\\\/schema\\\/person\\\/39ea7bf64421bb37a3a4dd2014a95a0a\",\"name\":\"admin\",\"image\":{\"@type\":\"ImageObject\",\"inLanguage\":\"en-US\",\"@id\":\"https:\\\/\\\/secure.gravatar.com\\\/avatar\\\/9086fe69addcb7c62e5f61b48c477e4a9b8e743b695ea38ee15ae72d50a83180?s=96&d=mm&r=g\",\"url\":\"https:\\\/\\\/secure.gravatar.com\\\/avatar\\\/9086fe69addcb7c62e5f61b48c477e4a9b8e743b695ea38ee15ae72d50a83180?s=96&d=mm&r=g\",\"contentUrl\":\"https:\\\/\\\/secure.gravatar.com\\\/avatar\\\/9086fe69addcb7c62e5f61b48c477e4a9b8e743b695ea38ee15ae72d50a83180?s=96&d=mm&r=g\",\"caption\":\"admin\"},\"sameAs\":[\"https:\\\/\\\/granmotori.com\"],\"url\":\"https:\\\/\\\/granmotori.com\\\/en\\\/author\\\/admin\\\/\"}]}<\/script>\n<!-- \/ Yoast SEO plugin. -->","yoast_head_json":{"title":"GranMotori: il nuovo festival dei motori nella cornice della Tenuta di Fiorano - GRANMOTORI International Motoring Festival for Drivers and Dreamers Roma","robots":{"index":"index","follow":"follow","max-snippet":"max-snippet:-1","max-image-preview":"max-image-preview:large","max-video-preview":"max-video-preview:-1"},"canonical":"https:\/\/granmotori.com\/en\/granmotori-il-nuovo-festival-dei-motori-nella-cornice-della-tenuta-di-fiorano\/","og_locale":"en_US","og_type":"article","og_title":"GranMotori: il nuovo festival dei motori nella cornice della Tenuta di Fiorano - GRANMOTORI International Motoring Festival for Drivers and Dreamers Roma","og_description":"Nella splendida cornice della Tenuta di Fiorano, luogo iconico che unisce passione, storia e natura, \u00e8 stato presentato GranMotori, il nuovo festival dedicato al mondo dell\u2019automotive che si terr\u00e0 dal 15 al 18 ottobre 2026 Nella splendida cornice della\u00a0Tenuta di Fiorano, luogo iconico che unisce...","og_url":"https:\/\/granmotori.com\/en\/granmotori-il-nuovo-festival-dei-motori-nella-cornice-della-tenuta-di-fiorano\/","og_site_name":"GRANMOTORI International Motoring Festival for Drivers and Dreamers Roma","article_published_time":"2025-10-15T15:45:04+00:00","article_modified_time":"2025-10-15T15:52:07+00:00","og_image":[{"width":800,"height":600,"url":"https:\/\/granmotori.com\/wp-content\/uploads\/2025\/10\/1760538255-granmotori-001.webp","type":"image\/webp"}],"author":"admin","twitter_card":"summary_large_image","twitter_misc":{"Written by":"admin","Est. reading time":"4 minutes"},"schema":{"@context":"https:\/\/schema.org","@graph":[{"@type":"Article","@id":"https:\/\/granmotori.com\/en\/granmotori-il-nuovo-festival-dei-motori-nella-cornice-della-tenuta-di-fiorano\/#article","isPartOf":{"@id":"https:\/\/granmotori.com\/en\/granmotori-il-nuovo-festival-dei-motori-nella-cornice-della-tenuta-di-fiorano\/"},"author":{"name":"admin","@id":"https:\/\/granmotori.com\/en\/#\/schema\/person\/39ea7bf64421bb37a3a4dd2014a95a0a"},"headline":"GranMotori: il nuovo festival dei motori nella cornice della Tenuta di Fiorano","datePublished":"2025-10-15T15:45:04+00:00","dateModified":"2025-10-15T15:52:07+00:00","mainEntityOfPage":{"@id":"https:\/\/granmotori.com\/en\/granmotori-il-nuovo-festival-dei-motori-nella-cornice-della-tenuta-di-fiorano\/"},"wordCount":595,"image":{"@id":"https:\/\/granmotori.com\/en\/granmotori-il-nuovo-festival-dei-motori-nella-cornice-della-tenuta-di-fiorano\/#primaryimage"},"thumbnailUrl":"https:\/\/granmotori.com\/wp-content\/uploads\/2025\/10\/1760538255-granmotori-001.webp","keywords":["ilgiornale"],"articleSection":["Press"],"inLanguage":"en-US"},{"@type":"WebPage","@id":"https:\/\/granmotori.com\/en\/granmotori-il-nuovo-festival-dei-motori-nella-cornice-della-tenuta-di-fiorano\/","url":"https:\/\/granmotori.com\/en\/granmotori-il-nuovo-festival-dei-motori-nella-cornice-della-tenuta-di-fiorano\/","name":"GranMotori: il nuovo festival dei motori nella cornice della Tenuta di Fiorano - GRANMOTORI International Motoring Festival for Drivers and Dreamers Roma","isPartOf":{"@id":"https:\/\/granmotori.com\/en\/#website"},"primaryImageOfPage":{"@id":"https:\/\/granmotori.com\/en\/granmotori-il-nuovo-festival-dei-motori-nella-cornice-della-tenuta-di-fiorano\/#primaryimage"},"image":{"@id":"https:\/\/granmotori.com\/en\/granmotori-il-nuovo-festival-dei-motori-nella-cornice-della-tenuta-di-fiorano\/#primaryimage"},"thumbnailUrl":"https:\/\/granmotori.com\/wp-content\/uploads\/2025\/10\/1760538255-granmotori-001.webp","datePublished":"2025-10-15T15:45:04+00:00","dateModified":"2025-10-15T15:52:07+00:00","author":{"@id":"https:\/\/granmotori.com\/en\/#\/schema\/person\/39ea7bf64421bb37a3a4dd2014a95a0a"},"breadcrumb":{"@id":"https:\/\/granmotori.com\/en\/granmotori-il-nuovo-festival-dei-motori-nella-cornice-della-tenuta-di-fiorano\/#breadcrumb"},"inLanguage":"en-US","potentialAction":[{"@type":"ReadAction","target":["https:\/\/granmotori.com\/en\/granmotori-il-nuovo-festival-dei-motori-nella-cornice-della-tenuta-di-fiorano\/"]}]},{"@type":"ImageObject","inLanguage":"en-US","@id":"https:\/\/granmotori.com\/en\/granmotori-il-nuovo-festival-dei-motori-nella-cornice-della-tenuta-di-fiorano\/#primaryimage","url":"https:\/\/granmotori.com\/wp-content\/uploads\/2025\/10\/1760538255-granmotori-001.webp","contentUrl":"https:\/\/granmotori.com\/wp-content\/uploads\/2025\/10\/1760538255-granmotori-001.webp","width":800,"height":600},{"@type":"BreadcrumbList","@id":"https:\/\/granmotori.com\/en\/granmotori-il-nuovo-festival-dei-motori-nella-cornice-della-tenuta-di-fiorano\/#breadcrumb","itemListElement":[{"@type":"ListItem","position":1,"name":"Home","item":"https:\/\/granmotori.com\/en\/"},{"@type":"ListItem","position":2,"name":"GranMotori: il nuovo festival dei motori nella cornice della Tenuta di Fiorano"}]},{"@type":"WebSite","@id":"https:\/\/granmotori.com\/en\/#website","url":"https:\/\/granmotori.com\/en\/","name":"GRANMOTORI International Motoring Festival for Drivers and Dreamers Roma","description":"Credits PrincipeMorici","potentialAction":[{"@type":"SearchAction","target":{"@type":"EntryPoint","urlTemplate":"https:\/\/granmotori.com\/en\/?s={search_term_string}"},"query-input":{"@type":"PropertyValueSpecification","valueRequired":true,"valueName":"search_term_string"}}],"inLanguage":"en-US"},{"@type":"Person","@id":"https:\/\/granmotori.com\/en\/#\/schema\/person\/39ea7bf64421bb37a3a4dd2014a95a0a","name":"admin","image":{"@type":"ImageObject","inLanguage":"en-US","@id":"https:\/\/secure.gravatar.com\/avatar\/9086fe69addcb7c62e5f61b48c477e4a9b8e743b695ea38ee15ae72d50a83180?s=96&d=mm&r=g","url":"https:\/\/secure.gravatar.com\/avatar\/9086fe69addcb7c62e5f61b48c477e4a9b8e743b695ea38ee15ae72d50a83180?s=96&d=mm&r=g","contentUrl":"https:\/\/secure.gravatar.com\/avatar\/9086fe69addcb7c62e5f61b48c477e4a9b8e743b695ea38ee15ae72d50a83180?s=96&d=mm&r=g","caption":"admin"},"sameAs":["https:\/\/granmotori.com"],"url":"https:\/\/granmotori.com\/en\/author\/admin\/"}]}},"_links":{"self":[{"href":"https:\/\/granmotori.com\/en\/wp-json\/wp\/v2\/posts\/6263","targetHints":{"allow":["GET"]}}],"collection":[{"href":"https:\/\/granmotori.com\/en\/wp-json\/wp\/v2\/posts"}],"about":[{"href":"https:\/\/granmotori.com\/en\/wp-json\/wp\/v2\/types\/post"}],"author":[{"embeddable":true,"href":"https:\/\/granmotori.com\/en\/wp-json\/wp\/v2\/users\/1"}],"replies":[{"embeddable":true,"href":"https:\/\/granmotori.com\/en\/wp-json\/wp\/v2\/comments?post=6263"}],"version-history":[{"count":1,"href":"https:\/\/granmotori.com\/en\/wp-json\/wp\/v2\/posts\/6263\/revisions"}],"predecessor-version":[{"id":6264,"href":"https:\/\/granmotori.com\/en\/wp-json\/wp\/v2\/posts\/6263\/revisions\/6264"}],"wp:featuredmedia":[{"embeddable":true,"href":"https:\/\/granmotori.com\/en\/wp-json\/wp\/v2\/media\/6261"}],"wp:attachment":[{"href":"https:\/\/granmotori.com\/en\/wp-json\/wp\/v2\/media?parent=6263"}],"wp:term":[{"taxonomy":"category","embeddable":true,"href":"https:\/\/granmotori.com\/en\/wp-json\/wp\/v2\/categories?post=6263"},{"taxonomy":"post_tag","embeddable":true,"href":"https:\/\/granmotori.com\/en\/wp-json\/wp\/v2\/tags?post=6263"}],"curies":[{"name":"wp","href":"https:\/\/api.w.org\/{rel}","templated":true}]}}